{"id":2282,"date":"2023-06-22T09:53:43","date_gmt":"2023-06-22T06:53:43","guid":{"rendered":"https:\/\/kktyuz.uz\/?p=2282"},"modified":"2023-06-22T10:26:50","modified_gmt":"2023-06-22T07:26:50","slug":"ustaz-shakirt-sabaqlari-otkerildi","status":"publish","type":"post","link":"https:\/\/kktyuz.uz\/en\/2282.html","title":{"rendered":"&#8220;Ustaz sh\u00e1kirt&#8221; sabaqlar\u0131\u00a0 \u00f3tkerildi"},"content":{"rendered":"<p><\/p>\n<p style=\"padding-left: 40px;\">\n<p><img decoding=\"async\" loading=\"lazy\" class=\"alignnone size-medium wp-image-2283\" src=\"https:\/\/kktyuz.uz\/wp-content\/uploads\/2023\/06\/photo_2023-06-21_19-58-41-225x300.jpg\" alt=\"\" width=\"225\" height=\"300\" srcset=\"https:\/\/kktyuz.uz\/wp-content\/uploads\/2023\/06\/photo_2023-06-21_19-58-41-225x300.jpg 225w, https:\/\/kktyuz.uz\/wp-content\/uploads\/2023\/06\/photo_2023-06-21_19-58-41-768x1024.jpg 768w, https:\/\/kktyuz.uz\/wp-content\/uploads\/2023\/06\/photo_2023-06-21_19-58-41.jpg 960w\" sizes=\"(max-width: 225px) 100vw, 225px\" \/><\/p>\n<p>&nbsp;<\/p>\n<p>\u00d3zbekistan Respublikas\u0131 Prezidentini\u0144 2018-j\u0131l 28-noyabrdegi \u00d3zbekistan Respublikas\u0131nda milliy m\u00e1deniyatt\u0131 J\u00e1nede rawajland\u0131r\u0131w konsepsiyas\u0131n tast\u0131y\u0131qlaw haqq\u0131nda\u01f5\u0131 PQ-4038-sanl\u0131 qarar\u0131n\u0131\u0144 or\u0131nlan\u0131w\u0131, \u00d3zbekistan Respublikas\u0131 Prezidentini\u0144 2022-j\u0131l 2-fevralda\u01f5\u0131 M\u00e1deniyat h\u00e1m k\u00f3rkem-\u00f3ner taraw\u0131n\u00a0 rawajland\u0131r\u0131w\u01f5a\u00a0 qarat\u0131l\u01f5an\u00a0 qos\u0131msha is-ilajlar haqq\u0131nda\u01f5\u0131 PQ-112-sanl\u0131 qarar\u0131n\u0131\u0144 or\u0131nlan\u0131w\u0131n\u00a0 taminlew maqsetinde us\u0131 j\u0131ld\u0131\u0144 21-iyun k\u00fani\u00a0 Kegeyli rayonl\u0131q M\u00e1deniyat b\u00f3limine\u00a0 qarasl\u0131\u00a0 30-sanl\u0131 m\u00e1deniyat oray\u0131nda Qaraqalpaq\u00a0 m\u00e1mleketlik\u00a0 jas\u00a0 tamashag\u00f3yler\u00a0 teatr\u0131 aktrisalar\u0131 Qaraqalpaqstan\u01f5a xizmet\u00a0 k\u00f3rsetken\u00a0 artist Klara\u00a0 Shamuratova h\u00e1m M\u00e1deniyat\u00a0 h\u00e1m\u00a0 k\u00f3rkem-\u00f3ner\u00a0 piday\u0131s\u0131 k\u00f3kirek\u00a0 belgisi iyesi Urziya Ibray\u0131movalar &#8220;Ustaz sh\u00e1kirt&#8221; sabaqlar\u0131n\u00a0 \u00f3tkerip\u00a0 qaytt\u0131.<\/p>\n<p><img decoding=\"async\" loading=\"lazy\" class=\"alignnone size-medium wp-image-2284\" src=\"https:\/\/kktyuz.uz\/wp-content\/uploads\/2023\/06\/photo_2023-06-21_19-58-42-300x225.jpg\" alt=\"\" width=\"300\" height=\"225\" srcset=\"https:\/\/kktyuz.uz\/wp-content\/uploads\/2023\/06\/photo_2023-06-21_19-58-42-300x225.jpg 300w, https:\/\/kktyuz.uz\/wp-content\/uploads\/2023\/06\/photo_2023-06-21_19-58-42-1024x768.jpg 1024w, https:\/\/kktyuz.uz\/wp-content\/uploads\/2023\/06\/photo_2023-06-21_19-58-42-768x576.jpg 768w, https:\/\/kktyuz.uz\/wp-content\/uploads\/2023\/06\/photo_2023-06-21_19-58-42.jpg 1280w\" sizes=\"(max-width: 300px) 100vw, 300px\" \/><br \/>\n<script><\/script><\/p>","protected":false},"excerpt":{"rendered":"<p>&nbsp; \u00d3zbekistan Respublikas\u0131 Prezidentini\u0144 2018-j\u0131l 28-noyabrdegi \u00d3zbekistan Respublikas\u0131nda milliy m\u00e1deniyatt\u0131 J\u00e1nede rawajland\u0131r\u0131w konsepsiyas\u0131n tast\u0131y\u0131qlaw haqq\u0131nda\u01f5\u0131 PQ-4038-sanl\u0131 qarar\u0131n\u0131\u0144 or\u0131nlan\u0131w\u0131, \u00d3zbekistan Respublikas\u0131 [&hellip;]<\/p>\n","protected":false},"author":1,"featured_media":0,"comment_status":"closed","ping_status":"closed","sticky":false,"template":"","format":"standard","meta":[],"categories":[8],"tags":[],"_links":{"self":[{"href":"https:\/\/kktyuz.uz\/en\/wp-json\/wp\/v2\/posts\/2282"}],"collection":[{"href":"https:\/\/kktyuz.uz\/en\/wp-json\/wp\/v2\/posts"}],"about":[{"href":"https:\/\/kktyuz.uz\/en\/wp-json\/wp\/v2\/types\/post"}],"author":[{"embeddable":true,"href":"https:\/\/kktyuz.uz\/en\/wp-json\/wp\/v2\/users\/1"}],"replies":[{"embeddable":true,"href":"https:\/\/kktyuz.uz\/en\/wp-json\/wp\/v2\/comments?post=2282"}],"version-history":[{"count":3,"href":"https:\/\/kktyuz.uz\/en\/wp-json\/wp\/v2\/posts\/2282\/revisions"}],"predecessor-version":[{"id":2287,"href":"https:\/\/kktyuz.uz\/en\/wp-json\/wp\/v2\/posts\/2282\/revisions\/2287"}],"wp:attachment":[{"href":"https:\/\/kktyuz.uz\/en\/wp-json\/wp\/v2\/media?parent=2282"}],"wp:term":[{"taxonomy":"category","embeddable":true,"href":"https:\/\/kktyuz.uz\/en\/wp-json\/wp\/v2\/categories?post=2282"},{"taxonomy":"post_tag","embeddable":true,"href":"https:\/\/kktyuz.uz\/en\/wp-json\/wp\/v2\/tags?post=2282"}],"curies":[{"name":"wp","href":"https:\/\/api.w.org\/{rel}","templated":true}]}}