{"id":2288,"date":"2023-06-26T14:46:02","date_gmt":"2023-06-26T11:46:02","guid":{"rendered":"https:\/\/kktyuz.uz\/?p=2288"},"modified":"2023-06-26T14:46:02","modified_gmt":"2023-06-26T11:46:02","slug":"26-iyun-xaliq-araliq-nashebentlikke-qarsi-guresiw-kuni-munasebeti-menen-nokis-qalasinda-ilaj-otkerildi","status":"publish","type":"post","link":"https:\/\/kktyuz.uz\/en\/2288.html","title":{"rendered":"&#8220;26-iyun \u2013 Xal\u0131q aral\u0131q n\u00e1shebentlikke qars\u0131 g\u00faresiw k\u00fani&#8221; m\u00fan\u00e1sebeti menen N\u00f3kis qalas\u0131nda  ilaj  \u00f3tkerildi"},"content":{"rendered":"<p>&nbsp;<\/p>\n<p><img decoding=\"async\" loading=\"lazy\" class=\"alignnone wp-image-2289\" src=\"https:\/\/kktyuz.uz\/wp-content\/uploads\/2023\/06\/photo_2023-06-26_16-04-22-300x142.jpg\" alt=\"\" width=\"275\" height=\"130\" srcset=\"https:\/\/kktyuz.uz\/wp-content\/uploads\/2023\/06\/photo_2023-06-26_16-04-22-300x142.jpg 300w, https:\/\/kktyuz.uz\/wp-content\/uploads\/2023\/06\/photo_2023-06-26_16-04-22-1024x485.jpg 1024w, https:\/\/kktyuz.uz\/wp-content\/uploads\/2023\/06\/photo_2023-06-26_16-04-22-768x364.jpg 768w, https:\/\/kktyuz.uz\/wp-content\/uploads\/2023\/06\/photo_2023-06-26_16-04-22.jpg 1280w\" sizes=\"(max-width: 275px) 100vw, 275px\" \/> <img decoding=\"async\" loading=\"lazy\" class=\"alignnone wp-image-2290\" src=\"https:\/\/kktyuz.uz\/wp-content\/uploads\/2023\/06\/photo_2023-06-26_16-04-25-300x142.jpg\" alt=\"\" width=\"272\" height=\"129\" srcset=\"https:\/\/kktyuz.uz\/wp-content\/uploads\/2023\/06\/photo_2023-06-26_16-04-25-300x142.jpg 300w, https:\/\/kktyuz.uz\/wp-content\/uploads\/2023\/06\/photo_2023-06-26_16-04-25-1024x485.jpg 1024w, https:\/\/kktyuz.uz\/wp-content\/uploads\/2023\/06\/photo_2023-06-26_16-04-25-768x364.jpg 768w, https:\/\/kktyuz.uz\/wp-content\/uploads\/2023\/06\/photo_2023-06-26_16-04-25.jpg 1280w\" sizes=\"(max-width: 272px) 100vw, 272px\" \/><\/p>\n<p>\u00d3zbekistan Respublikas\u0131 M\u00e1deniyat h\u00e1m Turizm ministligini\u0144 2023-j\u0131l 14-iyun kungi xat\u0131na tiykarlan\u0131p us\u0131 jildin 23-iyun sanesinde Qaraqalpaq mamleketlik jas tamashag\u00f3yler teatr\u0131 d\u00f3retiwshilik j\u00e1m\u00e1\u00e1ti &#8220;26-iyun \u2013 Xal\u0131q aral\u0131q n\u00e1shebentlikke qars\u0131 g\u00faresiw k\u00fani&#8221; m\u00fan\u00e1sebeti menen N\u00f3kis qalas\u0131nda\u01f5\u0131 &#8220;Aral&#8221; h\u00e1mde &#8221; Turan&#8221; balalar dem al\u0131w h\u00e1m sawalland\u0131r\u0131w oray\u0131nda\u01f5\u0131 balalar\u01f5a narkotik zatlardan paydalaniwdi\u0144 z\u0131yanl\u0131 aqibetleri haqq\u0131nda\u01f5\u0131 spektakllerdi qoyip berdi.<\/p>\n<p><img decoding=\"async\" loading=\"lazy\" class=\"alignnone wp-image-2292\" src=\"https:\/\/kktyuz.uz\/wp-content\/uploads\/2023\/06\/photo_2023-06-26_16-04-29-300x135.jpg\" alt=\"\" width=\"287\" height=\"129\" srcset=\"https:\/\/kktyuz.uz\/wp-content\/uploads\/2023\/06\/photo_2023-06-26_16-04-29-300x135.jpg 300w, https:\/\/kktyuz.uz\/wp-content\/uploads\/2023\/06\/photo_2023-06-26_16-04-29-1024x461.jpg 1024w, https:\/\/kktyuz.uz\/wp-content\/uploads\/2023\/06\/photo_2023-06-26_16-04-29-768x346.jpg 768w, https:\/\/kktyuz.uz\/wp-content\/uploads\/2023\/06\/photo_2023-06-26_16-04-29.jpg 1280w\" sizes=\"(max-width: 287px) 100vw, 287px\" \/><img decoding=\"async\" loading=\"lazy\" class=\"alignnone wp-image-2291\" src=\"https:\/\/kktyuz.uz\/wp-content\/uploads\/2023\/06\/photo_2023-06-26_16-04-26-300x135.jpg\" alt=\"\" width=\"284\" height=\"128\" srcset=\"https:\/\/kktyuz.uz\/wp-content\/uploads\/2023\/06\/photo_2023-06-26_16-04-26-300x135.jpg 300w, https:\/\/kktyuz.uz\/wp-content\/uploads\/2023\/06\/photo_2023-06-26_16-04-26-1024x461.jpg 1024w, https:\/\/kktyuz.uz\/wp-content\/uploads\/2023\/06\/photo_2023-06-26_16-04-26-768x346.jpg 768w, https:\/\/kktyuz.uz\/wp-content\/uploads\/2023\/06\/photo_2023-06-26_16-04-26.jpg 1280w\" sizes=\"(max-width: 284px) 100vw, 284px\" \/><\/p>\n<p>Keleshegimiz bol\u01f5an balalar\u0131m\u0131z\u01f5a teatr d\u00f3retiwshilik j\u00e1m\u00e1\u00e1ti bunday z\u0131yanl\u0131 narkotik zatlardan paydalanbaw\u0131n h\u00e1m n\u00e1shebentlikke qarsi g\u00faresiwge pikir us\u0131n\u0131slar\u0131n ayt\u0131p otti.<\/p>\n<p><img decoding=\"async\" loading=\"lazy\" class=\"alignnone wp-image-2293\" src=\"https:\/\/kktyuz.uz\/wp-content\/uploads\/2023\/06\/photo_2023-06-26_16-04-31-300x142.jpg\" alt=\"\" width=\"279\" height=\"132\" srcset=\"https:\/\/kktyuz.uz\/wp-content\/uploads\/2023\/06\/photo_2023-06-26_16-04-31-300x142.jpg 300w, https:\/\/kktyuz.uz\/wp-content\/uploads\/2023\/06\/photo_2023-06-26_16-04-31-1024x485.jpg 1024w, https:\/\/kktyuz.uz\/wp-content\/uploads\/2023\/06\/photo_2023-06-26_16-04-31-768x364.jpg 768w, https:\/\/kktyuz.uz\/wp-content\/uploads\/2023\/06\/photo_2023-06-26_16-04-31.jpg 1280w\" sizes=\"(max-width: 279px) 100vw, 279px\" \/> <img decoding=\"async\" loading=\"lazy\" class=\"alignnone wp-image-2294\" src=\"https:\/\/kktyuz.uz\/wp-content\/uploads\/2023\/06\/photo_2023-06-26_16-04-35-300x142.jpg\" alt=\"\" width=\"281\" height=\"133\" srcset=\"https:\/\/kktyuz.uz\/wp-content\/uploads\/2023\/06\/photo_2023-06-26_16-04-35-300x142.jpg 300w, https:\/\/kktyuz.uz\/wp-content\/uploads\/2023\/06\/photo_2023-06-26_16-04-35-1024x485.jpg 1024w, https:\/\/kktyuz.uz\/wp-content\/uploads\/2023\/06\/photo_2023-06-26_16-04-35-768x364.jpg 768w, https:\/\/kktyuz.uz\/wp-content\/uploads\/2023\/06\/photo_2023-06-26_16-04-35.jpg 1280w\" sizes=\"(max-width: 281px) 100vw, 281px\" \/><\/p>\n<p><img decoding=\"async\" loading=\"lazy\" class=\"alignnone size-medium wp-image-2295\" src=\"https:\/\/kktyuz.uz\/wp-content\/uploads\/2023\/06\/photo_2023-06-26_16-04-37-300x142.jpg\" alt=\"\" width=\"300\" height=\"142\" srcset=\"https:\/\/kktyuz.uz\/wp-content\/uploads\/2023\/06\/photo_2023-06-26_16-04-37-300x142.jpg 300w, https:\/\/kktyuz.uz\/wp-content\/uploads\/2023\/06\/photo_2023-06-26_16-04-37-1024x485.jpg 1024w, https:\/\/kktyuz.uz\/wp-content\/uploads\/2023\/06\/photo_2023-06-26_16-04-37-768x364.jpg 768w, https:\/\/kktyuz.uz\/wp-content\/uploads\/2023\/06\/photo_2023-06-26_16-04-37.jpg 1280w\" sizes=\"(max-width: 300px) 100vw, 300px\" \/><\/p>\n<p>&nbsp;<br \/>\n<script><\/script><\/p>\n","protected":false},"excerpt":{"rendered":"<p>&nbsp; \u00d3zbekistan Respublikas\u0131 M\u00e1deniyat h\u00e1m Turizm ministligini\u0144 2023-j\u0131l 14-iyun kungi xat\u0131na tiykarlan\u0131p us\u0131 jildin 23-iyun sanesinde Qaraqalpaq mamleketlik jas tamashag\u00f3yler [&hellip;]<\/p>\n","protected":false},"author":1,"featured_media":0,"comment_status":"closed","ping_status":"closed","sticky":false,"template":"","format":"standard","meta":[],"categories":[8],"tags":[],"_links":{"self":[{"href":"https:\/\/kktyuz.uz\/en\/wp-json\/wp\/v2\/posts\/2288"}],"collection":[{"href":"https:\/\/kktyuz.uz\/en\/wp-json\/wp\/v2\/posts"}],"about":[{"href":"https:\/\/kktyuz.uz\/en\/wp-json\/wp\/v2\/types\/post"}],"author":[{"embeddable":true,"href":"https:\/\/kktyuz.uz\/en\/wp-json\/wp\/v2\/users\/1"}],"replies":[{"embeddable":true,"href":"https:\/\/kktyuz.uz\/en\/wp-json\/wp\/v2\/comments?post=2288"}],"version-history":[{"count":1,"href":"https:\/\/kktyuz.uz\/en\/wp-json\/wp\/v2\/posts\/2288\/revisions"}],"predecessor-version":[{"id":2296,"href":"https:\/\/kktyuz.uz\/en\/wp-json\/wp\/v2\/posts\/2288\/revisions\/2296"}],"wp:attachment":[{"href":"https:\/\/kktyuz.uz\/en\/wp-json\/wp\/v2\/media?parent=2288"}],"wp:term":[{"taxonomy":"category","embeddable":true,"href":"https:\/\/kktyuz.uz\/en\/wp-json\/wp\/v2\/categories?post=2288"},{"taxonomy":"post_tag","embeddable":true,"href":"https:\/\/kktyuz.uz\/en\/wp-json\/wp\/v2\/tags?post=2288"}],"curies":[{"name":"wp","href":"https:\/\/api.w.org\/{rel}","templated":true}]}}