{"id":2330,"date":"2023-09-12T09:54:16","date_gmt":"2023-09-12T06:54:16","guid":{"rendered":"https:\/\/kktyuz.uz\/?p=2330"},"modified":"2023-09-12T09:54:16","modified_gmt":"2023-09-12T06:54:16","slug":"janalan%c7%b5an-korinistegi-ozbekstan-respublikasi-konstitutsiyasinin-mazmun-manisin-mamleket-puxaraliq-xizmetkerlerine-tusindiriw-boyinsha-oqiw-seminar-otkerildi","status":"publish","type":"post","link":"https:\/\/kktyuz.uz\/en\/2330.html","title":{"rendered":"Ja\u0144alan\u01f5an  k\u00f3rinistegi  \u00d3zbekstan Respublikas\u0131  Konstitutsiyas\u0131n\u0131\u0144  mazmun-m\u00e1nisin m\u00e1mleket puxaral\u0131q xizmetkerlerine t\u00fasindiriw boy\u0131nsha oq\u0131w  seminar \u00f3tkerildi."},"content":{"rendered":"<p>&nbsp;<\/p>\n<p><img decoding=\"async\" loading=\"lazy\" class=\"alignnone wp-image-2331\" src=\"https:\/\/kktyuz.uz\/wp-content\/uploads\/2023\/09\/111photo_2023-09-12_10-01-20-300x135.jpg\" alt=\"\" width=\"268\" height=\"121\" srcset=\"https:\/\/kktyuz.uz\/wp-content\/uploads\/2023\/09\/111photo_2023-09-12_10-01-20-300x135.jpg 300w, https:\/\/kktyuz.uz\/wp-content\/uploads\/2023\/09\/111photo_2023-09-12_10-01-20-1024x462.jpg 1024w, https:\/\/kktyuz.uz\/wp-content\/uploads\/2023\/09\/111photo_2023-09-12_10-01-20-768x346.jpg 768w, https:\/\/kktyuz.uz\/wp-content\/uploads\/2023\/09\/111photo_2023-09-12_10-01-20.jpg 1280w\" sizes=\"(max-width: 268px) 100vw, 268px\" \/> <img decoding=\"async\" loading=\"lazy\" class=\"alignnone wp-image-2332\" src=\"https:\/\/kktyuz.uz\/wp-content\/uploads\/2023\/09\/2222photo_2023-09-12_10-01-25-300x135.jpg\" alt=\"\" width=\"273\" height=\"123\" srcset=\"https:\/\/kktyuz.uz\/wp-content\/uploads\/2023\/09\/2222photo_2023-09-12_10-01-25-300x135.jpg 300w, https:\/\/kktyuz.uz\/wp-content\/uploads\/2023\/09\/2222photo_2023-09-12_10-01-25-1024x462.jpg 1024w, https:\/\/kktyuz.uz\/wp-content\/uploads\/2023\/09\/2222photo_2023-09-12_10-01-25-768x346.jpg 768w, https:\/\/kktyuz.uz\/wp-content\/uploads\/2023\/09\/2222photo_2023-09-12_10-01-25.jpg 1280w\" sizes=\"(max-width: 273px) 100vw, 273px\" \/><\/p>\n<p>B\u00fagin 12-senyabr\u00a0 k\u00fani\u00a0 \u00d3zbekstan Respublikas\u0131 Prezidentini\u0144 &#8220;Ja\u0144alan\u01f5an\u00a0 k\u00f3rinistegi \u00d3zbekstan Respublikas\u0131 Konstitutsiyas\u0131n \u00e1melge as\u0131r\u0131w boy\u0131nsha birinshi\u00a0 n\u00e1wbettegi\u00a0 is-ilajlar\u00a0 haqq\u0131nda\u01f5\u0131&#8221; 2023-j\u0131l 8-mayda\u01f5\u0131 PF-67-sanl\u0131 parman\u0131nda ayr\u0131qsha\u00a0 grafik tiykar\u0131nda\u00a0 b\u00e1rshe\u00a0 tarawda\u01f5\u0131 m\u00e1mleket puxaral\u0131q\u00a0 xizmetkerleri h\u00e1m sud-huquq taraw\u0131 xizmetkerlerine\u00a0 ja\u0144alan\u01f5an\u00a0 k\u00f3rinistegi Konstitutsiyan\u0131\u0144 mazmun-m\u00e1nisin oq\u0131t\u0131wdi sh\u00f3lkemlestiriw h\u00e1mde\u00a0 us\u0131 taps\u0131rman\u0131\u0144\u00a0 or\u0131nlan\u0131w\u0131n\u00a0 t\u00e1miyinlew maqsetinde\u00a0 tiyisli ministrlik h\u00e1m\u00a0 mekemelerde\u00a0 ekspertler\u00a0 toparlar\u0131 t\u00e1repinen ja\u0144alan\u01f5an\u00a0 k\u00f3rinistegi\u00a0 \u00d3zbekstan Respublikas\u0131\u00a0 Konstitutsiyas\u0131n\u0131\u0144\u00a0 mazmun-m\u00e1nisin m\u00e1mleket puxaral\u0131q xizmetkerlerine t\u00fasindiriw boy\u0131nsha Zoom\u00a0 arqal\u0131 \u00f3tkerilgen\u00a0\u00a0 oq\u0131w\u00a0 seminar\u0131na Qaraqalpaq m\u00e1mleketlik jas tamashag\u00f3yler\u00a0 teatr\u0131 j\u00e1m\u00e1\u00e1ti\u00a0 qatnast\u0131.<\/p>\n<p><img decoding=\"async\" loading=\"lazy\" class=\"alignnone wp-image-2334\" src=\"https:\/\/kktyuz.uz\/wp-content\/uploads\/2023\/09\/4444photo_2023-09-12_10-01-18-300x135.jpg\" alt=\"\" width=\"285\" height=\"128\" srcset=\"https:\/\/kktyuz.uz\/wp-content\/uploads\/2023\/09\/4444photo_2023-09-12_10-01-18-300x135.jpg 300w, https:\/\/kktyuz.uz\/wp-content\/uploads\/2023\/09\/4444photo_2023-09-12_10-01-18-1024x462.jpg 1024w, https:\/\/kktyuz.uz\/wp-content\/uploads\/2023\/09\/4444photo_2023-09-12_10-01-18-768x346.jpg 768w, https:\/\/kktyuz.uz\/wp-content\/uploads\/2023\/09\/4444photo_2023-09-12_10-01-18.jpg 1280w\" sizes=\"(max-width: 285px) 100vw, 285px\" \/><img decoding=\"async\" loading=\"lazy\" class=\"\" src=\"https:\/\/kktyuz.uz\/wp-content\/uploads\/2023\/09\/333photo_2023-09-12_10-01-27-300x135.jpg\" width=\"287\" height=\"129\" \/><br \/>\n<script><\/script><\/p>\n","protected":false},"excerpt":{"rendered":"<p>&nbsp; B\u00fagin 12-senyabr\u00a0 k\u00fani\u00a0 \u00d3zbekstan Respublikas\u0131 Prezidentini\u0144 &#8220;Ja\u0144alan\u01f5an\u00a0 k\u00f3rinistegi \u00d3zbekstan Respublikas\u0131 Konstitutsiyas\u0131n \u00e1melge as\u0131r\u0131w boy\u0131nsha birinshi\u00a0 n\u00e1wbettegi\u00a0 is-ilajlar\u00a0 haqq\u0131nda\u01f5\u0131&#8221; 2023-j\u0131l [&hellip;]<\/p>\n","protected":false},"author":1,"featured_media":0,"comment_status":"closed","ping_status":"closed","sticky":false,"template":"","format":"standard","meta":[],"categories":[8],"tags":[],"_links":{"self":[{"href":"https:\/\/kktyuz.uz\/en\/wp-json\/wp\/v2\/posts\/2330"}],"collection":[{"href":"https:\/\/kktyuz.uz\/en\/wp-json\/wp\/v2\/posts"}],"about":[{"href":"https:\/\/kktyuz.uz\/en\/wp-json\/wp\/v2\/types\/post"}],"author":[{"embeddable":true,"href":"https:\/\/kktyuz.uz\/en\/wp-json\/wp\/v2\/users\/1"}],"replies":[{"embeddable":true,"href":"https:\/\/kktyuz.uz\/en\/wp-json\/wp\/v2\/comments?post=2330"}],"version-history":[{"count":1,"href":"https:\/\/kktyuz.uz\/en\/wp-json\/wp\/v2\/posts\/2330\/revisions"}],"predecessor-version":[{"id":2335,"href":"https:\/\/kktyuz.uz\/en\/wp-json\/wp\/v2\/posts\/2330\/revisions\/2335"}],"wp:attachment":[{"href":"https:\/\/kktyuz.uz\/en\/wp-json\/wp\/v2\/media?parent=2330"}],"wp:term":[{"taxonomy":"category","embeddable":true,"href":"https:\/\/kktyuz.uz\/en\/wp-json\/wp\/v2\/categories?post=2330"},{"taxonomy":"post_tag","embeddable":true,"href":"https:\/\/kktyuz.uz\/en\/wp-json\/wp\/v2\/tags?post=2330"}],"curies":[{"name":"wp","href":"https:\/\/api.w.org\/{rel}","templated":true}]}}