{"id":1830,"date":"2021-08-27T10:03:08","date_gmt":"2021-08-27T07:03:08","guid":{"rendered":"http:\/\/test.kktyuz.uz\/?p=1830"},"modified":"2024-08-19T09:30:19","modified_gmt":"2024-08-19T06:30:19","slug":"ozbekstan-respublikasi-mamleketlik-%c7%b5arezsizliginin-30-jilli%c7%b5i-munasibeti-menen-jana-ozbekstanda-erkin-ham-abadan-jasayiq-sureni-astinda-qor%c7%b5aniw-ministrligi-janinda%c7%b5i","status":"publish","type":"post","link":"https:\/\/kktyuz.uz\/uz\/1830.html","title":{"rendered":"\u00d3zbekstan Respublikas\u0131 m\u00e1mleketlik \u01f5\u00e1rezsizligini\u0144 30 j\u0131ll\u0131\u01f5\u0131 m\u00fan\u00e1sibeti menen \u00abJa\u0144a \u00d3zbekstanda erkin h\u00e1m abadan jasay\u0131q!\u00bb s\u00fareni ast\u0131nda Qor\u01f5an\u0131w Ministrligi jan\u0131nda\u01f5\u0131 J\u00e1miyetshilik ke\u0144esini\u0144 Qaraqalpaqstan Respublikas\u0131 aymaql\u0131q b\u00f3limi h\u00e1m Qaraqalpaq m\u00e1mleketlik jas tamashag\u00f3yler teatr\u0131 j\u00e1m\u00e1\u00e1ti menen birgelikte Arqa-Bat\u0131s \u00e1skeriy okruginde m\u00e1deniy ilaj bol\u0131p \u00f3tti."},"content":{"rendered":"<p>\u00d3zbekstan Respublikas\u0131 m\u00e1mleketlik \u01f5\u00e1rezsizligini\u0144 30 j\u0131ll\u0131\u01f5\u0131 m\u00fan\u00e1sibeti menen \u00abJa\u0144a \u00d3zbekstanda erkin h\u00e1m abadan jasay\u0131q!\u00bb s\u00fareni ast\u0131nda Qor\u01f5an\u0131w Ministrligi jan\u0131nda\u01f5\u0131 J\u00e1miyetshilik ke\u0144esini\u0144 Qaraqalpaqstan Respublikas\u0131 aymaql\u0131q b\u00f3limi h\u00e1m Qaraqalpaq m\u00e1mleketlik jas tamashag\u00f3yler teatr\u0131 j\u00e1m\u00e1\u00e1ti menen birgelikte Arqa-Bat\u0131s \u00e1skeriy okruginde m\u00e1deniy ilaj bol\u0131p \u00f3tti.<\/p>\n<p>Ilajda sh\u0131\u01f5\u0131p s\u00f3ylegenler \u00c1skeriy okrug \u00e1skerlerin elimiz \u01f5\u00e1rezsizligini\u0144 30 j\u0131ll\u0131q bayram\u0131 menen qutl\u0131qlap, \u01f5\u00e1resizlik sharapat\u0131 menen elimide erisilgen jetiskenlikler menen qol\u01f5a kirgizilgen tab\u0131slar\u01f5a ayr\u0131qsha toqtal\u0131p \u00f3tti. Ilaj so\u0144\u0131nda j\u0131ynal\u01f5anlar\u01f5a teatr j\u00e1m\u00e1\u00e1ti Uilyam Shekspir q\u00e1lemine tiyisli &laquo;Romeo h\u00e1m Juletta&raquo; tragedeyas\u0131nan saxnal\u0131q k\u00f3rinisler qoy\u0131p berildi.<\/p>\n<p>\u270f\ufe0fQaraqalpaq m\u00e1mleketlik jas tamashag\u0275yler teatr\u0131n\u0131\u0144 m\u00e1limleme x\u0131zmeti<br \/>\n<script><\/script><\/p>\n","protected":false},"excerpt":{"rendered":"<p>\u00d3zbekstan Respublikas\u0131 m\u00e1mleketlik \u01f5\u00e1rezsizligini\u0144 30 j\u0131ll\u0131\u01f5\u0131 m\u00fan\u00e1sibeti menen \u00abJa\u0144a \u00d3zbekstanda erkin h\u00e1m abadan jasay\u0131q!\u00bb s\u00fareni ast\u0131nda Qor\u01f5an\u0131w Ministrligi jan\u0131nda\u01f5\u0131 J\u00e1miyetshilik [&hellip;]<\/p>\n","protected":false},"author":1,"featured_media":2758,"comment_status":"closed","ping_status":"open","sticky":false,"template":"","format":"standard","meta":[],"categories":[9],"tags":[],"_links":{"self":[{"href":"https:\/\/kktyuz.uz\/uz\/wp-json\/wp\/v2\/posts\/1830"}],"collection":[{"href":"https:\/\/kktyuz.uz\/uz\/wp-json\/wp\/v2\/posts"}],"about":[{"href":"https:\/\/kktyuz.uz\/uz\/wp-json\/wp\/v2\/types\/post"}],"author":[{"embeddable":true,"href":"https:\/\/kktyuz.uz\/uz\/wp-json\/wp\/v2\/users\/1"}],"replies":[{"embeddable":true,"href":"https:\/\/kktyuz.uz\/uz\/wp-json\/wp\/v2\/comments?post=1830"}],"version-history":[{"count":1,"href":"https:\/\/kktyuz.uz\/uz\/wp-json\/wp\/v2\/posts\/1830\/revisions"}],"predecessor-version":[{"id":1832,"href":"https:\/\/kktyuz.uz\/uz\/wp-json\/wp\/v2\/posts\/1830\/revisions\/1832"}],"wp:featuredmedia":[{"embeddable":true,"href":"https:\/\/kktyuz.uz\/uz\/wp-json\/wp\/v2\/media\/2758"}],"wp:attachment":[{"href":"https:\/\/kktyuz.uz\/uz\/wp-json\/wp\/v2\/media?parent=1830"}],"wp:term":[{"taxonomy":"category","embeddable":true,"href":"https:\/\/kktyuz.uz\/uz\/wp-json\/wp\/v2\/categories?post=1830"},{"taxonomy":"post_tag","embeddable":true,"href":"https:\/\/kktyuz.uz\/uz\/wp-json\/wp\/v2\/tags?post=1830"}],"curies":[{"name":"wp","href":"https:\/\/api.w.org\/{rel}","templated":true}]}}